{"id":11,"date":"2006-01-04T22:25:10","date_gmt":"2006-01-04T20:25:10","guid":{"rendered":"http:\/\/gunce.marsyas.gen.tr\/?p=11"},"modified":"2007-05-22T14:27:42","modified_gmt":"2007-05-22T12:27:42","slug":"arap-camii","status":"publish","type":"post","link":"https:\/\/gunce.marsyas.gen.tr\/?p=11","title":{"rendered":"Arap Camii"},"content":{"rendered":"\n<p><img loading=\"lazy\" decoding=\"async\" width=\"201\" height=\"272\" border=\"0\" align=\"right\" title=\"http:\/\/gunce.marsyas.gen.tr\/foto\/yilmaz\/transit\/ArapCami.jpg\" style=\"width: 201px; height: 272px;\" alt=\"Arap Camii\" src=\"http:\/\/gunce.marsyas.gen.tr\/foto\/yilmaz\/transit\/ArapCami.jpg\" \/>Karak&ouml;y Per\u015fembepazar\u0131&#8217;nda Galata Mahkemesi soka\u011f\u0131ndan girince kar\u015f\u0131m\u0131za &ccedil;\u0131kan, &ccedil;an kulesine benzeyen minaresinin &uuml;zeri k&uuml;lahl\u0131 yap\u0131d\u0131r.<\/p>\n<p>Karak&ouml;y Per\u015fembepazar\u0131&#8217;nda Galata Mahkemesi soka\u011f\u0131ndan girince kar\u015f\u0131m\u0131za &ccedil;\u0131kan, &ccedil;an kulesine benzeyen minaresinin &uuml;zeri k&uuml;lahl\u0131 yap\u0131d\u0131r.Halk aras\u0131nda; 8.y&uuml;zy\u0131lda Araplar\u0131n \u015fehri ku\u015fatt\u0131klar\u0131 s\u0131ralarda arap komutan\u0131 Mesleme bin Abd&uuml;lmelik taraf\u0131ndan yapt\u0131r\u0131ld\u0131\u011f\u0131na inan\u0131l\u0131yor. Halbuki, hem binan\u0131n latin etkileri olan gotik tarzdaki yap\u0131s\u0131, hem de Bizans Sanat\u0131 uzman\u0131 Prof.Dr.Semavi Eyice&rsquo;nin de savundu\u011fu gibi Araplar\u0131n ku\u015fatma s\u0131ras\u0131nda Galata&rsquo;y\u0131 hi&ccedil; alamam\u0131\u015f olmalar\u0131, binan\u0131n asl\u0131nda eski bir kilise oldu\u011funu daha fazla d&uuml;\u015f&uuml;nd&uuml;r&uuml;yor. <\/p>\n<p>Cenevizliler, Galata&rsquo;y\u0131 koloni haline getirdikleri 13.y&uuml;zy\u0131lda, Aziz Dominik&nbsp; ad\u0131na bir katedral olarak yapt\u0131rm\u0131\u015f olmal\u0131lar. Nitekim, 1913 y\u0131l\u0131nda yap\u0131lan tamiratta, zeminden kitabeli ve armal\u0131 latin mezar ta\u015flar\u0131 &ccedil;\u0131km\u0131\u015f ve Arkeoloji M&uuml;zesi&rsquo;ne ta\u015f\u0131nm\u0131\u015ft\u0131r.1475 y\u0131l\u0131nda Fatih Sultan Mehmet taraf\u0131ndan camiye d&ouml;n&uuml;\u015ft&uuml;r&uuml;len yap\u0131n\u0131n ad\u0131n\u0131n, 1492 y\u0131l\u0131nda End&uuml;l&uuml;s&rsquo;ten g&ouml;&ccedil;eden Araplar\u0131n cami etraf\u0131nda yerle\u015fmelerinden geldi\u011fi d&uuml;\u015f&uuml;n&uuml;l&uuml;yor.<\/p>\n<p>Be\u015f bin ki\u015filik kapasitesi oldu\u011f\u0131 s&ouml;ylenen caminin geni\u015f avlusunun ortas\u0131nda, II.Mahmut&rsquo;un k\u0131z\u0131 Adile Sultan&rsquo;\u0131n yapt\u0131rd\u0131\u011f\u0131 bir \u015fad\u0131rvan bulunmakta. Avluya bakan duvara biti\u015fik t&uuml;rbenin ise Mesleme bin Abd&uuml;lmelik&rsquo;e ait oldu\u011funa inan\u0131l\u0131yor.&nbsp; <\/p>\n","protected":false},"excerpt":{"rendered":"<p>Karak&ouml;y Per\u015fembepazar\u0131&#8217;nda Galata Mahkemesi soka\u011f\u0131ndan girince kar\u015f\u0131m\u0131za &ccedil;\u0131kan, &ccedil;an kulesine benzeyen minaresinin &uuml;zeri k&uuml;lahl\u0131 yap\u0131d\u0131r. Karak&ouml;y Per\u015fembepazar\u0131&#8217;nda Galata Mahkemesi soka\u011f\u0131ndan girince kar\u015f\u0131m\u0131za &ccedil;\u0131kan, &ccedil;an kulesine benzeyen minaresinin &uuml;zeri k&uuml;lahl\u0131 yap\u0131d\u0131r.Halk aras\u0131nda; 8.y&uuml;zy\u0131lda Araplar\u0131n \u015fehri ku\u015fatt\u0131klar\u0131 s\u0131ralarda arap komutan\u0131 Mesleme bin &hellip;<\/p>\n<p class=\"read-more\"><a href=\"https:\/\/gunce.marsyas.gen.tr\/?p=11\">Sonraki Sayfa &raquo;<\/a><\/p>\n","protected":false},"author":5,"featured_media":0,"comment_status":"open","ping_status":"open","sticky":false,"template":"","format":"standard","meta":{"ngg_post_thumbnail":0,"footnotes":""},"categories":[7,4],"tags":[],"class_list":["post-11","post","type-post","status-publish","format-standard","hentry","category-transit-gectiklerimiz","category-yilmaz-akdak"],"_links":{"self":[{"href":"https:\/\/gunce.marsyas.gen.tr\/index.php?rest_route=\/wp\/v2\/posts\/11","targetHints":{"allow":["GET"]}}],"collection":[{"href":"https:\/\/gunce.marsyas.gen.tr\/index.php?rest_route=\/wp\/v2\/posts"}],"about":[{"href":"https:\/\/gunce.marsyas.gen.tr\/index.php?rest_route=\/wp\/v2\/types\/post"}],"author":[{"embeddable":true,"href":"https:\/\/gunce.marsyas.gen.tr\/index.php?rest_route=\/wp\/v2\/users\/5"}],"replies":[{"embeddable":true,"href":"https:\/\/gunce.marsyas.gen.tr\/index.php?rest_route=%2Fwp%2Fv2%2Fcomments&post=11"}],"version-history":[{"count":0,"href":"https:\/\/gunce.marsyas.gen.tr\/index.php?rest_route=\/wp\/v2\/posts\/11\/revisions"}],"wp:attachment":[{"href":"https:\/\/gunce.marsyas.gen.tr\/index.php?rest_route=%2Fwp%2Fv2%2Fmedia&parent=11"}],"wp:term":[{"taxonomy":"category","embeddable":true,"href":"https:\/\/gunce.marsyas.gen.tr\/index.php?rest_route=%2Fwp%2Fv2%2Fcategories&post=11"},{"taxonomy":"post_tag","embeddable":true,"href":"https:\/\/gunce.marsyas.gen.tr\/index.php?rest_route=%2Fwp%2Fv2%2Ftags&post=11"}],"curies":[{"name":"wp","href":"https:\/\/api.w.org\/{rel}","templated":true}]}}