{"id":30,"date":"2007-08-05T20:00:24","date_gmt":"2007-08-05T18:00:24","guid":{"rendered":"http:\/\/gunce.marsyas.gen.tr\/?p=30"},"modified":"2012-12-11T15:55:51","modified_gmt":"2012-12-11T13:55:51","slug":"buyuleyici-gecitler-camlibel-gecidi-savsat-ardahan-yolu","status":"publish","type":"post","link":"https:\/\/gunce.marsyas.gen.tr\/?p=30","title":{"rendered":"B\u00fcy\u00fcleyici Ge\u00e7itler, \u00c7aml\u0131bel Ge\u00e7idi, \u015eav\u015fat-Ardahan Yolu"},"content":{"rendered":"<p>\u015eav\u015fat-Ardhahan yolu, gezi planlar\u0131nda,  zamanlamaya dikkat edilerek yer almas\u0131 gereken b\u00fcy\u00fcleyici bir ge\u00e7i\u015f. Bir s\u00fcredir Karadeniz yollar\u0131nda iseniz bu ge\u00e7i\u015f sadece bir yol ge\u00e7i\u015finden \u00f6te bir \u015feydir. Do\u011fa, sizi yava\u015fca do\u011fu co\u011frafyas\u0131na haz\u0131rlar. S\u0131k ormanlar ve sis y\u00fcz\u00fcnden dar olan panaroman\u0131z geni\u015fler, ama ormanlar ve ye\u015fil ge\u00e7i\u015fleri hala sizinledir. Geni\u015f ormanl\u0131k alanlar yer yer geni\u015f \u00e7ay\u0131rl\u0131klar ile &#8220;ka\u00e7 ye\u015fil var&#8221; sorusu hala g\u00fcndemdedir.<br \/>\nDingin bir do\u011fa sizi b\u00fcy\u00fcler ve buran\u0131n her daim \u00f6yle oldu\u011funu d\u00fc\u015f\u00fcn\u00fcrs\u00fcn\u00fcz, hatta yerlilere bu hayranl\u0131\u011f\u0131n\u0131z\u0131 belirtti\u011finizde &#8220;biz b\u0131km\u0131\u015f\u0131z bunlar hayran oluyor&#8221; tepkisi ile kar\u015f\u0131la\u015f\u0131r ve k\u0131\u015f aylar\u0131nda \u00e7ocuklu\u011funuzdan bu yana \u015eav\u015fat\u0131 bilmenizin ger\u00e7ekli\u011fini an\u0131msars\u0131n\u0131z, buran\u0131n bir de k\u0131\u015f\u0131 vard\u0131r. Ah bir de k\u0131\u015f\u0131n gelebilsek&#8230;<\/p>\n<p>Yavuzk\u00f6y&#8217;den aheste bir s\u00fcr\u00fc\u015f ile yar\u0131m saat sonra \u00c7aml\u0131bel ge\u00e7idine var\u0131rs\u0131n\u0131z rak\u0131m tabelas\u0131 2640m. g\u00f6stermektedir. Bu noktay\u0131 ge\u00e7tikten sonra 2000 m alt\u0131ndaki ge\u00e7i\u015fleri not etmeme karar\u0131 al\u0131rs\u0131n\u0131z. <\/p>\n<p>Ne kadar \u00e7ay\u0131rl\u0131klara al\u0131\u015ft\u0131ysan\u0131z da bu ge\u00e7itden sonras\u0131na haz\u0131rl\u0131kl\u0131 olmak gerek, birden ormanlar biter ve g\u00f6z alabildi\u011fine d\u00fczl\u00fckler, \u00e7ay\u0131rlar ba\u015flar. Birden her \u015fey de\u011fi\u015fmi\u015ftir, co\u011frafya g\u00f6z alabildi\u011fine \u00e7ay\u0131rl\u0131klara d\u00f6n\u00fc\u015f\u00fcrken, evler de ta\u015f, d\u00fcz daml\u0131 ve birbirine s\u0131rt vermi\u015f hale d\u00f6n\u00fc\u015f\u00fcr. Ge\u00e7idin Karadeniz taraf\u0131ndaki tek ba\u015f\u0131na dimdik duran evlerin yerini birbirine sokulmu\u015f, do\u011fa kar\u015f\u0131s\u0131nda \u00e7ekimser evler alm\u0131\u015ft\u0131r.<br \/>\nBir di\u011fer farkl\u0131l\u0131k ise durdu\u011funuz anda etraf\u0131n\u0131z\u0131 sar\u0131veren \u00e7ocuklar. B\u00fcy\u00fck bir heyecanla ko\u015farak yan\u0131n\u0131za gelirler ve &#8220;Hello&#8221; diye ba\u011fr\u0131\u015f\u0131rlar, yolda duran ve foto\u011fraf \u00e7ekenler yaln\u0131zca yabanc\u0131lar m\u0131d\u0131r? T\u00fcrk\u00e7e konu\u015ftu\u011funuzda \u015fa\u015f\u0131rt\u0131rs\u0131n\u0131z, inanmak istemezler, T\u00fcrk\u00e7eyi \u00f6\u011frenmi\u015f yabanclar olarak davranmak i\u015flerine gelir ve \u015feker isterler. \u0130steklerini kar\u015f\u0131layamayaca\u011f\u0131n\u0131z\u0131 s\u00f6yledi\u011finizde ald\u0131\u011f\u0131n\u0131z tepki &#8220;ne bi\u00e7im turistsiniz \u00f6yleyse&#8221; olacakt\u0131r. Belki hakl\u0131lar ama turistlerin \u015feker da\u011f\u0131tmas\u0131 da bir ba\u015fka ilgin\u00e7lik olsa gerek&#8230;<\/p>\n<p>Aheste s\u00fcr\u00fc\u015fe mutlaka devam edilmeli, yakla\u015f\u0131k yar\u0131m saat sonra Ardahan&#8217;das\u0131n\u0131z. Bizim Ardahan&#8217;dan ge\u00e7i\u015fimiz s\u0131ras\u0131nda bal festivali varm\u0131\u015f, \u015fehrin \u00e7\u0131k\u0131\u015f\u0131ndaki ormanl\u0131k alanda kar\u015f\u0131la\u015ft\u0131\u011f\u0131m\u0131z b\u00fcy\u00fck kalabal\u0131k iki g\u00fcn kamp \u015feklinde s\u00fcren festivalin da\u011f\u0131l\u0131yor olmas\u0131ndanm\u0131\u015f. E\u011flenceler ak\u015fam \u015fehirde devam edecekmi\u015f. Nas\u0131l bir \u015fenlik vard\u0131 g\u00f6remedik maalesef. Plan\u0131m\u0131z\u0131 Kars&#8217;a ula\u015fmak olarak yapm\u0131\u015ft\u0131k ne yaz\u0131k ki&#8230;<\/p>\n<p><a target=\"_blank\" href=\"http:\/\/gunce.marsyas.gen.tr\/spgm\/index.php?spgmGal=NuhNaci_Kisnisci\/Savsat_Ardahan&#038;spgmPic=2#spgmPicture\"><img decoding=\"async\" src=\"http:\/\/gunce.marsyas.gen.tr\/foto\/nnk\/savsat\/1040043-1.jpg\" alt=\"Yavuzk\u00f6y\" \/><\/a> <a target=\"_blank\" href=\"http:\/\/gunce.marsyas.gen.tr\/spgm\/index.php?spgmGal=NuhNaci_Kisnisci\/Savsat_Ardahan&#038;spgmPic=13#spgmPicture\"><img decoding=\"async\" src=\"http:\/\/gunce.marsyas.gen.tr\/foto\/nnk\/savsat\/1040075-1.jpg\" alt=\"\u00c7aml\u0131bel ge\u00e7iti\" \/><\/a> <a target=\"_blank\" href=\"http:\/\/gunce.marsyas.gen.tr\/spgm\/index.php?spgmGal=NuhNaci_Kisnisci\/Savsat_Ardahan&#038;spgmPic=16#spgmPicture\"><img decoding=\"async\" src=\"http:\/\/gunce.marsyas.gen.tr\/foto\/nnk\/savsat\/1040082-1.jpg\" alt=\"Ardahan Yolu\" \/><\/a><\/p>\n<p>\u015eav\u015fat-Ardahan ge\u00e7i\u015fi  foto\u011fraflar\u0131 i\u00e7in <a target=\"_blank\" href=\"http:\/\/gunce.marsyas.gen.tr\/spgm\/index.php?spgmGal=NuhNaci_Kisnisci\/Savsat_Ardahan\">t\u0131klay\u0131n\u0131z&#8230;<\/a><\/p>\n<p>\u015eav\u015fat hakk\u0131nda bilgi i\u00e7in <a target=\"_blank\"  href=\"http:\/\/tr.wikipedia.org\/wiki\/%C5%9Eav%C5%9Fat,_Artvin\">vikipedi ba\u011flant\u0131s\u0131<\/a> <\/p>\n<p>Ardhana hakk\u0131nda bilgi i\u00e7in <a target=\"_blank\"  href=\"http:\/\/tr.wikipedia.org\/wiki\/Ardahan\">vikipedi ba\u011flant\u0131s\u0131<\/a><\/p>\n","protected":false},"excerpt":{"rendered":"<p>\u015eav\u015fat-Ardhahan yolu, gezi planlar\u0131nda, zamanlamaya dikkat edilerek yer almas\u0131 gereken b\u00fcy\u00fcleyici bir ge\u00e7i\u015f. Bir s\u00fcredir Karadeniz yollar\u0131nda iseniz bu ge\u00e7i\u015f sadece bir yol ge\u00e7i\u015finden \u00f6te bir \u015feydir. Do\u011fa, sizi yava\u015fca do\u011fu co\u011frafyas\u0131na haz\u0131rlar. S\u0131k ormanlar ve sis y\u00fcz\u00fcnden dar olan &hellip;<\/p>\n<p class=\"read-more\"><a href=\"https:\/\/gunce.marsyas.gen.tr\/?p=30\">Sonraki Sayfa &raquo;<\/a><\/p>\n","protected":false},"author":2,"featured_media":0,"comment_status":"open","ping_status":"open","sticky":false,"template":"","format":"standard","meta":{"ngg_post_thumbnail":0,"footnotes":""},"categories":[2],"tags":[90,43,30,33],"class_list":["post-30","post","type-post","status-publish","format-standard","hentry","category-nnk","tag-dd","tag-dogu-anadolu","tag-gecitler","tag-karadeniz"],"_links":{"self":[{"href":"https:\/\/gunce.marsyas.gen.tr\/index.php?rest_route=\/wp\/v2\/posts\/30","targetHints":{"allow":["GET"]}}],"collection":[{"href":"https:\/\/gunce.marsyas.gen.tr\/index.php?rest_route=\/wp\/v2\/posts"}],"about":[{"href":"https:\/\/gunce.marsyas.gen.tr\/index.php?rest_route=\/wp\/v2\/types\/post"}],"author":[{"embeddable":true,"href":"https:\/\/gunce.marsyas.gen.tr\/index.php?rest_route=\/wp\/v2\/users\/2"}],"replies":[{"embeddable":true,"href":"https:\/\/gunce.marsyas.gen.tr\/index.php?rest_route=%2Fwp%2Fv2%2Fcomments&post=30"}],"version-history":[{"count":1,"href":"https:\/\/gunce.marsyas.gen.tr\/index.php?rest_route=\/wp\/v2\/posts\/30\/revisions"}],"predecessor-version":[{"id":500,"href":"https:\/\/gunce.marsyas.gen.tr\/index.php?rest_route=\/wp\/v2\/posts\/30\/revisions\/500"}],"wp:attachment":[{"href":"https:\/\/gunce.marsyas.gen.tr\/index.php?rest_route=%2Fwp%2Fv2%2Fmedia&parent=30"}],"wp:term":[{"taxonomy":"category","embeddable":true,"href":"https:\/\/gunce.marsyas.gen.tr\/index.php?rest_route=%2Fwp%2Fv2%2Fcategories&post=30"},{"taxonomy":"post_tag","embeddable":true,"href":"https:\/\/gunce.marsyas.gen.tr\/index.php?rest_route=%2Fwp%2Fv2%2Ftags&post=30"}],"curies":[{"name":"wp","href":"https:\/\/api.w.org\/{rel}","templated":true}]}}